{"id":24988,"date":"2024-01-24T19:06:49","date_gmt":"2024-01-24T17:06:49","guid":{"rendered":"https:\/\/moja.phil.hhu.de\/?p=24988"},"modified":"2024-01-24T19:20:24","modified_gmt":"2024-01-24T17:20:24","slug":"gender-workshop-und-vsjf-tagung-2023-in-berlin-ein-kurzbericht","status":"publish","type":"post","link":"https:\/\/moja.phil.hhu.de\/?p=24988","title":{"rendered":"Gender-Workshop und VSJF-Tagung 2023 in Berlin &#8211; ein Kurzbericht"},"content":{"rendered":"<div>\n<p>Im November letzten Jahres fand der Gender-Workshop zur Japanforschung, ebenso wie die Mitgliederversammlung und die Fachgruppentreffen der Vereinigung f\u00fcr sozialwissenschaftliche Japanforschung (VSJF), <strong>im Japanisch-Deutschen Zentrum Berlin<\/strong> statt.<\/p>\n<p>Der <strong>Gender-Workshop (2.-3.11.2023)<\/strong> wurde von Andrea Germer und Annette Schad-Seifert D\u00fcsseldorf) unter Mitarbeit von Ami Kobayashi und Mirco Heller (Heinrich Heine Universit\u00e4t D\u00fcsseldorf) ausgerichtet. Er bot wie jedes Jahr ein Forum f\u00fcr die Pr\u00e4sentation und Diskussion geschlechtsbezogener Themen der (Japan-)Forschung. Die Veranstaltung bef\u00f6rderte dabei vor allem den wissenschaftlichen Austausch in der Geschlechterforschung zur japanischen Gesellschaft, Geschichte, Kultur, Politik und Wirtschaft.<\/p>\n<\/div>\n<p><!--more--><\/p>\n<p>Am ersten Workshop-Tag widmete sich das Forum den Themen <strong>Trans\/Gender und Gesellschaft (Panel I) und Geschlechtergeschichte (Panel II)<\/strong>.<\/p>\n<p>Die erste Referentin Xinyu Wang von der Universit\u00e4t Tokyo thematisierte in ihrem Vortrag \u201e\u2018Home is&#8230; in the future\u2018 \u2013 Chinese Trans Women in Japan and their negotiation of placelessness\u201c die Diaspora-Erfahrungen chinesischer Transfrauen in Japan und beschrieb dabei deren Suche nach einem Ort, an dem sie sich dazugeh\u00f6rig f\u00fchlen k\u00f6nnen, sowie die Zusammenh\u00e4nge von Intersektionalit\u00e4t und Geschlecht, ethnischer Zugeh\u00f6rigkeit und Mobilit\u00e4t.<\/p>\n<p>Anschlie\u00dfend f\u00fchrte Samantha Audoly von der Universit\u00e4t Rom unter dem Titel \u201eImperial Priestesses\u2018 part in dodging premodern gendered roles\u201c unter anderem unterschiedliche Vorstellungen und Praxen zu Liebesbeziehungen und Sexualit\u00e4t bei Ise-Priesterinnen und Kamo-Priesterinnen aus.<\/p>\n<p><img fetchpriority=\"high\" decoding=\"async\" class=\"alignnone wp-image-24991\" src=\"https:\/\/moja.phil.hhu.de\/wp-content\/uploads\/2023\/11\/IMG_1526-scaled-e1700481363923.jpeg\" alt=\"\" width=\"308\" height=\"231\" srcset=\"https:\/\/moja.phil.hhu.de\/wp-content\/uploads\/2023\/11\/IMG_1526-scaled-e1700481363923.jpeg 2560w, https:\/\/moja.phil.hhu.de\/wp-content\/uploads\/2023\/11\/IMG_1526-scaled-e1700481363923-300x225.jpeg 300w, https:\/\/moja.phil.hhu.de\/wp-content\/uploads\/2023\/11\/IMG_1526-scaled-e1700481363923-1024x768.jpeg 1024w, https:\/\/moja.phil.hhu.de\/wp-content\/uploads\/2023\/11\/IMG_1526-scaled-e1700481363923-768x576.jpeg 768w, https:\/\/moja.phil.hhu.de\/wp-content\/uploads\/2023\/11\/IMG_1526-scaled-e1700481363923-1536x1152.jpeg 1536w, https:\/\/moja.phil.hhu.de\/wp-content\/uploads\/2023\/11\/IMG_1526-scaled-e1700481363923-2048x1536.jpeg 2048w\" sizes=\"(max-width: 308px) 100vw, 308px\" \/><img decoding=\"async\" class=\"alignnone wp-image-24992\" src=\"https:\/\/moja.phil.hhu.de\/wp-content\/uploads\/2023\/11\/IMG_1533-scaled-e1700481376421.jpeg\" alt=\"\" width=\"309\" height=\"232\" srcset=\"https:\/\/moja.phil.hhu.de\/wp-content\/uploads\/2023\/11\/IMG_1533-scaled-e1700481376421.jpeg 2560w, https:\/\/moja.phil.hhu.de\/wp-content\/uploads\/2023\/11\/IMG_1533-scaled-e1700481376421-300x225.jpeg 300w, https:\/\/moja.phil.hhu.de\/wp-content\/uploads\/2023\/11\/IMG_1533-scaled-e1700481376421-1024x768.jpeg 1024w, https:\/\/moja.phil.hhu.de\/wp-content\/uploads\/2023\/11\/IMG_1533-scaled-e1700481376421-768x576.jpeg 768w, https:\/\/moja.phil.hhu.de\/wp-content\/uploads\/2023\/11\/IMG_1533-scaled-e1700481376421-1536x1152.jpeg 1536w, https:\/\/moja.phil.hhu.de\/wp-content\/uploads\/2023\/11\/IMG_1533-scaled-e1700481376421-2048x1536.jpeg 2048w\" sizes=\"(max-width: 309px) 100vw, 309px\" \/>\u00a9Mirco Heller<\/p>\n<p>Die Vortragenden von links nach rechts: Xinyu Wang, Samantha Audoly.<\/p>\n<div>\n<p>Luisa Stella de Oliviera Coutinho Silva vom Max-Planck-Institut f\u00fcr Rechtsgeschichte und Rechtstheorie legte unter dem Titel \u201eChristian Japanese women in the Iberian empires? An approach to Christian sources &#8211; from a women&#8217;s legal history perspective (Japan, 16th-17th Centuries)\u201c ihr Augenmerk auf die Quellen der Missionare aus einer geschlechtsspezifischen Perspektive und zeigte so eine geschlechtersensible Geschichte des Christentums in Japan auf.<br \/>\nHiro Fujimoto er\u00f6rterte anschlie\u00dfend zum Thema \u201eYoshioka Yayoi and the Empire of the Japanese women doctors, 1910-1930\u201c auf Basis aktueller Forschungsergebnisse zu privaten Akteur*innen des japanischen Kaiserreichs die verwickelte Beziehung zwischen im Ausland t\u00e4tigen japanischen \u00c4rztinnen und dem Kaiserreich. Dabei ging es um die Frage, wie die \u00c4rztin und Lehrerin Yoshioka ihre Studierenden motivierte, im Ausland zu arbeiten.<\/p>\n<p><img decoding=\"async\" class=\"alignnone wp-image-24993\" src=\"https:\/\/moja.phil.hhu.de\/wp-content\/uploads\/2023\/11\/IMG_1537-scaled-e1700481352507.jpeg\" alt=\"\" width=\"315\" height=\"236\" srcset=\"https:\/\/moja.phil.hhu.de\/wp-content\/uploads\/2023\/11\/IMG_1537-scaled-e1700481352507.jpeg 2560w, https:\/\/moja.phil.hhu.de\/wp-content\/uploads\/2023\/11\/IMG_1537-scaled-e1700481352507-300x225.jpeg 300w, https:\/\/moja.phil.hhu.de\/wp-content\/uploads\/2023\/11\/IMG_1537-scaled-e1700481352507-1024x768.jpeg 1024w, https:\/\/moja.phil.hhu.de\/wp-content\/uploads\/2023\/11\/IMG_1537-scaled-e1700481352507-768x576.jpeg 768w, https:\/\/moja.phil.hhu.de\/wp-content\/uploads\/2023\/11\/IMG_1537-scaled-e1700481352507-1536x1152.jpeg 1536w, https:\/\/moja.phil.hhu.de\/wp-content\/uploads\/2023\/11\/IMG_1537-scaled-e1700481352507-2048x1536.jpeg 2048w\" sizes=\"(max-width: 315px) 100vw, 315px\" \/><img loading=\"lazy\" decoding=\"async\" class=\"alignnone wp-image-24994\" src=\"https:\/\/moja.phil.hhu.de\/wp-content\/uploads\/2023\/11\/IMG_1538-scaled-e1700481335321.jpeg\" alt=\"\" width=\"314\" height=\"235\" srcset=\"https:\/\/moja.phil.hhu.de\/wp-content\/uploads\/2023\/11\/IMG_1538-scaled-e1700481335321.jpeg 2560w, https:\/\/moja.phil.hhu.de\/wp-content\/uploads\/2023\/11\/IMG_1538-scaled-e1700481335321-300x225.jpeg 300w, https:\/\/moja.phil.hhu.de\/wp-content\/uploads\/2023\/11\/IMG_1538-scaled-e1700481335321-1024x768.jpeg 1024w, https:\/\/moja.phil.hhu.de\/wp-content\/uploads\/2023\/11\/IMG_1538-scaled-e1700481335321-768x576.jpeg 768w, https:\/\/moja.phil.hhu.de\/wp-content\/uploads\/2023\/11\/IMG_1538-scaled-e1700481335321-1536x1152.jpeg 1536w, https:\/\/moja.phil.hhu.de\/wp-content\/uploads\/2023\/11\/IMG_1538-scaled-e1700481335321-2048x1536.jpeg 2048w\" sizes=\"(max-width: 314px) 100vw, 314px\" \/>\u00a9Mirco Heller<\/p>\n<p>Die Vortragenden von links nach rechts: Luisa Stella de Oliviera Coutinho Silva, Hiro Fujimoto.<\/p>\n<p>Am Folgetag widmete sich der Workshop dem dritten Panel zum Leitthema Gender-Diskurs und Gender-Politik. Dazu pr\u00e4sentierte Elena Korshenko von der Freien Universit\u00e4t Berlin unter dem Titel \u201eSubstantive representation and the media: Press coverage of women\u2018s issue promoters\u201c wie sich Bem\u00fchungen japanischer Parlamentarierinnen, Frauen in Japan zu vertreten, in der Berichterstattung der Mainstream-Medien widerspiegelten. Dazu legte sie einen Fokus auf die objektive Erfolgsbilanz einzelner Politiker*innen sowie ihrer wahrgenommenen Fachkompetenz, und auf die askriptiven Merkmale wie Geschlecht, Dienstalter oder Parteizugeh\u00f6rigkeit.<\/p>\n<p>Julia Gerster von der T\u014dhoku Universit\u00e4t referierte unter dem Titel \u201eWhose lessons do we learn? On the absence of women&#8217;s memory in public 3.11 disaster memorial museums in Japan\u201c \u00fcber die nach der Dreifachkatastrophe 2011 eingerichteten Katastrophengedenkst\u00e4tten in der Region T\u014dhoku. Das Ziel dieser Einrichtungen sei es, die Erinnerungen an diese Katastrophe zu bewahren. Anhand einer geschlechtersensiblen Analyse des visuellen Materials (einschlie\u00dflich Videos) wurden in den Katastrophengedenkmuseen der Pr\u00e4fekturen Schwierigkeiten hinsichtlich der Repr\u00e4sentationsgleichheit im kulturellen Ged\u00e4chtnis diskutiert und Hinweise f\u00fcr eine inklusivere Repr\u00e4sentation in Gedenkst\u00e4tten gegeben.<\/p>\n<p>&nbsp;<\/p>\n<\/div>\n<div><img loading=\"lazy\" decoding=\"async\" class=\"alignnone wp-image-24995\" src=\"https:\/\/moja.phil.hhu.de\/wp-content\/uploads\/2023\/11\/IMG_1566-scaled-e1700481437441.jpeg\" alt=\"\" width=\"314\" height=\"235\" srcset=\"https:\/\/moja.phil.hhu.de\/wp-content\/uploads\/2023\/11\/IMG_1566-scaled-e1700481437441.jpeg 2560w, https:\/\/moja.phil.hhu.de\/wp-content\/uploads\/2023\/11\/IMG_1566-scaled-e1700481437441-300x225.jpeg 300w, https:\/\/moja.phil.hhu.de\/wp-content\/uploads\/2023\/11\/IMG_1566-scaled-e1700481437441-1024x768.jpeg 1024w, https:\/\/moja.phil.hhu.de\/wp-content\/uploads\/2023\/11\/IMG_1566-scaled-e1700481437441-768x576.jpeg 768w, https:\/\/moja.phil.hhu.de\/wp-content\/uploads\/2023\/11\/IMG_1566-scaled-e1700481437441-1536x1152.jpeg 1536w, https:\/\/moja.phil.hhu.de\/wp-content\/uploads\/2023\/11\/IMG_1566-scaled-e1700481437441-2048x1536.jpeg 2048w\" sizes=\"(max-width: 314px) 100vw, 314px\" \/><img loading=\"lazy\" decoding=\"async\" class=\"alignnone wp-image-24996\" src=\"https:\/\/moja.phil.hhu.de\/wp-content\/uploads\/2023\/11\/IMG_1569-scaled-e1700481449316.jpeg\" alt=\"\" width=\"311\" height=\"234\" srcset=\"https:\/\/moja.phil.hhu.de\/wp-content\/uploads\/2023\/11\/IMG_1569-scaled-e1700481449316.jpeg 2560w, https:\/\/moja.phil.hhu.de\/wp-content\/uploads\/2023\/11\/IMG_1569-scaled-e1700481449316-300x225.jpeg 300w, https:\/\/moja.phil.hhu.de\/wp-content\/uploads\/2023\/11\/IMG_1569-scaled-e1700481449316-1024x768.jpeg 1024w, https:\/\/moja.phil.hhu.de\/wp-content\/uploads\/2023\/11\/IMG_1569-scaled-e1700481449316-768x576.jpeg 768w, https:\/\/moja.phil.hhu.de\/wp-content\/uploads\/2023\/11\/IMG_1569-scaled-e1700481449316-1536x1152.jpeg 1536w, https:\/\/moja.phil.hhu.de\/wp-content\/uploads\/2023\/11\/IMG_1569-scaled-e1700481449316-2048x1536.jpeg 2048w\" sizes=\"(max-width: 311px) 100vw, 311px\" \/>\u00a9Mirco Heller<\/div>\n<div>\n<p>Die Vortragenden von links nach rechts: Elena Korshenko und Julia Gerster.<\/p>\n<p>Abschlie\u00dfend stellten Ilse Lenz (Ruhr-Universit\u00e4t Bochum) und Michiko Mae (Heinrich-Heine-Universit\u00e4t D\u00fcsseldorf) mit ihrem Beitrag \u201c<em>Die Frauenbewegung in Japan<\/em> &#8211; Geschlechtergeschichte, vielf\u00e4ltige Bewegungen und neue Subjektivierungen ihre Sammlung von Quellentexten zur japanischen Frauenbewegung vor. Ilse Lenz er\u00f6rterte zun\u00e4chst die Verflechtung von Frauenbewegungs- und Geschlechtergeschichte in transnationaler und intersektionaler Perspektive.<\/p>\n<\/div>\n<div>\n<p>Dabei zeichnete sie die Herausbildung der unterschiedlichen Bewegungen nach und erl\u00e4uterte inwieweit diese das Denken \u00fcber Frauen, Geschlecht und Geschlechterordnung in Japan vom sp\u00e4ten 19. Jahrhundert bis heute beeinflusst haben.<\/p>\n<p>Michiko Mae zeigte anschlie\u00dfend auf, inwieweit die Frauenbewegung als treibende Kraft f\u00fcr die Weiterf\u00fchrung der Modernisierung der japanischen Gesellschaft angesehen werden kann. Sie f\u00fchrte dabei wichtige gesellschaftliche Impulse der Bewegung, wie zum Beispiel die Suche nach einer neuen Subjektivit\u00e4t, die Kritik an Nationalismus, Kolonialismus, Rassismus und Kapitalismus, gleiche gesellschaftliche und politische Teilhabe sowie das gender-free Konzept auf.<\/p>\n<p>Auch im Jahr 2024 freuen wir uns wieder auf interessante Vortr\u00e4ge zu genderbezogenen Themen. Im Herbst dieses Jahres wird der Gender-Workshop vorgelagert an die VSJF-Tagung in D\u00fcsseldorf stattfinden.<\/p>\n<p><em>Ein Bericht von Mirco Heller.<\/em><\/p>\n<p>&nbsp;<\/p>\n<p><img loading=\"lazy\" decoding=\"async\" class=\"alignnone size-full wp-image-24997\" src=\"https:\/\/moja.phil.hhu.de\/wp-content\/uploads\/2023\/11\/IMG_1606-scaled.jpeg\" alt=\"\" width=\"2560\" height=\"1920\" srcset=\"https:\/\/moja.phil.hhu.de\/wp-content\/uploads\/2023\/11\/IMG_1606-scaled.jpeg 2560w, https:\/\/moja.phil.hhu.de\/wp-content\/uploads\/2023\/11\/IMG_1606-300x225.jpeg 300w, https:\/\/moja.phil.hhu.de\/wp-content\/uploads\/2023\/11\/IMG_1606-1024x768.jpeg 1024w, https:\/\/moja.phil.hhu.de\/wp-content\/uploads\/2023\/11\/IMG_1606-768x576.jpeg 768w, https:\/\/moja.phil.hhu.de\/wp-content\/uploads\/2023\/11\/IMG_1606-1536x1152.jpeg 1536w, https:\/\/moja.phil.hhu.de\/wp-content\/uploads\/2023\/11\/IMG_1606-2048x1536.jpeg 2048w\" sizes=\"(max-width: 2560px) 100vw, 2560px\" \/>\u00a9Mirco Heller<\/p>\n<\/div>\n<div>\n<p>Die Vortragenden em. Prof. Michiko Mae (zweite von rechts), em. Prof. Ilse Lenz (erste von rechts) und die Organisator*innen Prof. Andrea Germer (dritte von links), Dr. Ami Kobayashi und Mirco Heller (beide links).<\/p>\n<\/div>\n<div><\/div>\n<div>\n<p>&nbsp;<\/p>\n<p><strong>Vom VSJF Tag 1 berichtet Mirco Heller:<\/strong><\/p>\n<\/div>\n<div>\n<p>Die ersten Vortr\u00e4ge der VSJF Haupttagung begannen unmittelbar nach dem Abschluss des Gender-Workshops in den Veranstaltungsr\u00e4umen des Japanisch-Deutschen Zentrums Berlin. Anl\u00e4sslich des diesj\u00e4hrigen Leitthemas &#8222;Labor and (im)mobility in Japan and East and Southeast Asia: Transnational, regional and rural-urban perspectives&#8220; widmete sich die Key Note Speech von Biao Xiang (Max Planck Institute for Social Anthropology) der transnationalen Arbeitsabwanderung aus China in andere asiatische L\u00e4nder. Weitere Vortr\u00e4ge widmeten sich der Binnenmigration in Japan (Megha Wadhwa, Freie Universit\u00e4t Berlin, Deutschland), der l\u00e4ndlichen Arbeitskr\u00e4ftemobilit\u00e4t in Japan (Wolfram Manzenreiter, Universit\u00e4t Wien), der (Un)sichtbarkeit von Migranten im l\u00e4ndlichen Japan (Cornelia Reiher, Freie Universit\u00e4t Berlin) und der Rolle von Unternehmern bei der Wiederbelebung der ehemaligen Sperrzonen von Fukushima (Lynn Ng, Freie Universit\u00e4t Berlin).<\/p>\n<p>&nbsp;<\/p>\n<p><img loading=\"lazy\" decoding=\"async\" class=\"alignnone wp-image-25006 size-full\" src=\"https:\/\/moja.phil.hhu.de\/wp-content\/uploads\/2023\/11\/IMG_1633-scaled-e1705932710840.jpeg\" alt=\"\" width=\"2260\" height=\"1598\" srcset=\"https:\/\/moja.phil.hhu.de\/wp-content\/uploads\/2023\/11\/IMG_1633-scaled-e1705932710840.jpeg 2260w, https:\/\/moja.phil.hhu.de\/wp-content\/uploads\/2023\/11\/IMG_1633-scaled-e1705932710840-300x212.jpeg 300w, https:\/\/moja.phil.hhu.de\/wp-content\/uploads\/2023\/11\/IMG_1633-scaled-e1705932710840-1024x724.jpeg 1024w, https:\/\/moja.phil.hhu.de\/wp-content\/uploads\/2023\/11\/IMG_1633-scaled-e1705932710840-768x543.jpeg 768w, https:\/\/moja.phil.hhu.de\/wp-content\/uploads\/2023\/11\/IMG_1633-scaled-e1705932710840-1536x1086.jpeg 1536w, https:\/\/moja.phil.hhu.de\/wp-content\/uploads\/2023\/11\/IMG_1633-scaled-e1705932710840-2048x1448.jpeg 2048w\" sizes=\"(max-width: 2260px) 100vw, 2260px\" \/>\u00a9Mirco Heller<\/p>\n<\/div>\n<div>\n<p>Auch unser Institut Modernes Japan war auf der VSJF mit einigen wissenschaftlichen Mitarbeiter*innen vertreten. Auf dem Bild von rechts nach links: Dr. Michaela Oberwinkler, Mena Mesenh\u00f6ller, Dr. Ami Kobayashi, Julia S. Zhu und Mirco Heller.<\/p>\n<p>&nbsp;<\/p>\n<\/div>\n<div><\/div>\n<div>\u00a0<img loading=\"lazy\" decoding=\"async\" class=\"alignnone wp-image-25008 size-full\" src=\"https:\/\/moja.phil.hhu.de\/wp-content\/uploads\/2023\/11\/IMG_1814-scaled-e1705933126808.jpeg\" alt=\"\" width=\"1535\" height=\"1853\" srcset=\"https:\/\/moja.phil.hhu.de\/wp-content\/uploads\/2023\/11\/IMG_1814-scaled-e1705933126808.jpeg 1535w, https:\/\/moja.phil.hhu.de\/wp-content\/uploads\/2023\/11\/IMG_1814-scaled-e1705933126808-249x300.jpeg 249w, https:\/\/moja.phil.hhu.de\/wp-content\/uploads\/2023\/11\/IMG_1814-scaled-e1705933126808-848x1024.jpeg 848w, https:\/\/moja.phil.hhu.de\/wp-content\/uploads\/2023\/11\/IMG_1814-scaled-e1705933126808-768x927.jpeg 768w, https:\/\/moja.phil.hhu.de\/wp-content\/uploads\/2023\/11\/IMG_1814-scaled-e1705933126808-1272x1536.jpeg 1272w\" sizes=\"(max-width: 1535px) 100vw, 1535px\" \/>\u00a9Mirco Heller<\/div>\n<div>Vortragende von links nach rechts: Dr. Kazuyoshi Kawasaka, Dr. Ami Kobayashi.<\/div>\n<div><\/div>\n<div>\n<p>&nbsp;<\/p>\n<p><strong>Vom VSJF Tag 2 berichten Mena Mesenh\u00f6ller &amp; Mirco Heller:<\/strong><\/p>\n<\/div>\n<div>\n<p>Der zweite Tag der VSJF Haupttagung begann am Folgetag um 9 Uhr mit zwei Panels (also Vortrags- und Diskussionsrunden) am Vormittag. Im ersten Panel ging es um &#8222;Transnational (Labor) Migration&#8220; und im zweiten Panel um &#8222;Gender\/Intersectionality&#8220;. Die Vortragsthemen waren mit etwa der Einwanderungspolitik in Ostasien oder der Pr\u00e4sentation von Forschung zum Leben der japanischen Hostessen in London besonders vielf\u00e4ltig. Die Teilnahme an der VSJF ist aufgrund der vielf\u00e4ltigen Panelthemen, sowie der M\u00f6glichkeit Einblicke in die verschiedenen Herangehensweisen und Methoden der Forscher*innen zu erhalten besonders im Hinblick auf eigene Forschungsvorhaben empfehlenswert. Im Anschluss an die ersten Panels folgte das gemeinsame Lunch, zu dem alle Teilnehmer*innen der Konferenz eingeladen waren. Wie schon am Vorabend konnte man hier wieder neue Leute kennenlernen und sich in einer etwas lockereren Atmosph\u00e4re austauschen. Der letzte Tagesordnungspunkt nach dem Lunch war das Treffen der &#8222;Fachgruppen&#8220;. Diese Treffen dienen dazu, sich in einer Workshop-Atmosph\u00e4re zu bestimmten Fachgebieten innerhalb der Japanologie (z.B. Wirtschaft, Politik, Soziologie) auszutauschen. Sch\u00f6n ist hier, dass auch Masterstudierende die Chance haben, ihre Projekte vorzustellen und Feedback zu erhalten!<\/p>\n<p>In der Fachgruppe &#8222;Kultur, Medien und Kommunikation&#8220; trugen sowohl Dr. Michaela Oberwinkler mit ihrem Thema &#8222;Emoji als neue Interpunktion in digitaler Kommunikation&#8220; als auch Jasmin R\u00fcckert unter dem Titel &#8222;Cooptated photography? Photography Albums of Japanese Soldiers in North-East China&#8220; von unserem Institut vor. In der Fachgruppe &#8222;Stadt- und Regionalforschung&#8220; trugen Dr. Ami Kobayashi und Dr. Kazuyoshi Kawasaka gemeinsam zum Thema &#8222;Intersectionality in Japanese schools: Experience and struggle of LGBTQ+ JET teachers in Japanese rural areas&#8220; vor.<\/p>\n<p>&nbsp;<\/p>\n<p><em>Ein Bericht aus Berlin.<\/em><\/p>\n<p>&nbsp;<\/p>\n<\/div>\n<div><\/div>\n<div><img loading=\"lazy\" decoding=\"async\" class=\"alignnone wp-image-24999 size-full\" src=\"https:\/\/moja.phil.hhu.de\/wp-content\/uploads\/2023\/11\/IMG_1744-scaled-e1705932543823.jpeg\" alt=\"\" width=\"2560\" height=\"1836\" srcset=\"https:\/\/moja.phil.hhu.de\/wp-content\/uploads\/2023\/11\/IMG_1744-scaled-e1705932543823.jpeg 2560w, https:\/\/moja.phil.hhu.de\/wp-content\/uploads\/2023\/11\/IMG_1744-scaled-e1705932543823-300x215.jpeg 300w, https:\/\/moja.phil.hhu.de\/wp-content\/uploads\/2023\/11\/IMG_1744-scaled-e1705932543823-1024x734.jpeg 1024w, https:\/\/moja.phil.hhu.de\/wp-content\/uploads\/2023\/11\/IMG_1744-scaled-e1705932543823-768x551.jpeg 768w, https:\/\/moja.phil.hhu.de\/wp-content\/uploads\/2023\/11\/IMG_1744-scaled-e1705932543823-1536x1102.jpeg 1536w, https:\/\/moja.phil.hhu.de\/wp-content\/uploads\/2023\/11\/IMG_1744-scaled-e1705932543823-2048x1469.jpeg 2048w\" sizes=\"(max-width: 2560px) 100vw, 2560px\" \/>\u00a9Mirco Heller<\/div>\n<div>\n<p>&nbsp;<\/p>\n<p>Alle Rechte der Bildnutzung sind vorbehalten. \u00a9Mirco Heller<\/p>\n<\/div>\n<div>\n<p>&nbsp;<\/p>\n<\/div>\n","protected":false},"excerpt":{"rendered":"<p>Im November letzten Jahres fand der Gender-Workshop zur Japanforschung, ebenso wie die Mitgliederversammlung und die Fachgruppentreffen der Vereinigung f\u00fcr sozialwissenschaftliche Japanforschung (VSJF), im Japanisch-Deutschen Zentrum Berlin statt. Der Gender-Workshop (2.-3.11.2023) wurde von Andrea Germer und Annette Schad-Seifert D\u00fcsseldorf) unter Mitarbeit von Ami Kobayashi und Mirco Heller (Heinrich Heine Universit\u00e4t D\u00fcsseldorf) ausgerichtet. Er bot wie jedes Jahr ein Forum f\u00fcr die Pr\u00e4sentation und Diskussion geschlechtsbezogener Themen der (Japan-)Forschung. Die Veranstaltung bef\u00f6rderte dabei vor allem den wissenschaftlichen Austausch in der Geschlechterforschung zur japanischen Gesellschaft, Geschichte, Kultur, Politik und Wirtschaft.<\/p>\n","protected":false},"author":55,"featured_media":24997,"comment_status":"closed","ping_status":"closed","sticky":false,"template":"","format":"standard","meta":{"_jetpack_memberships_contains_paid_content":false,"footnotes":""},"categories":[13,1859,6],"tags":[1545,546,1930,720,456],"class_list":["post-24988","post","type-post","status-publish","format-standard","has-post-thumbnail","hentry","category-featured","category-institutsleben","category-veranstaltungen","tag-gender-studies","tag-gender-workshop","tag-highlights","tag-tagung","tag-vsjf"],"jetpack_featured_media_url":"https:\/\/moja.phil.hhu.de\/wp-content\/uploads\/2023\/11\/IMG_1606-scaled.jpeg","jetpack_sharing_enabled":true,"_links":{"self":[{"href":"https:\/\/moja.phil.hhu.de\/index.php?rest_route=\/wp\/v2\/posts\/24988","targetHints":{"allow":["GET"]}}],"collection":[{"href":"https:\/\/moja.phil.hhu.de\/index.php?rest_route=\/wp\/v2\/posts"}],"about":[{"href":"https:\/\/moja.phil.hhu.de\/index.php?rest_route=\/wp\/v2\/types\/post"}],"author":[{"embeddable":true,"href":"https:\/\/moja.phil.hhu.de\/index.php?rest_route=\/wp\/v2\/users\/55"}],"replies":[{"embeddable":true,"href":"https:\/\/moja.phil.hhu.de\/index.php?rest_route=%2Fwp%2Fv2%2Fcomments&post=24988"}],"version-history":[{"count":49,"href":"https:\/\/moja.phil.hhu.de\/index.php?rest_route=\/wp\/v2\/posts\/24988\/revisions"}],"predecessor-version":[{"id":25311,"href":"https:\/\/moja.phil.hhu.de\/index.php?rest_route=\/wp\/v2\/posts\/24988\/revisions\/25311"}],"wp:featuredmedia":[{"embeddable":true,"href":"https:\/\/moja.phil.hhu.de\/index.php?rest_route=\/wp\/v2\/media\/24997"}],"wp:attachment":[{"href":"https:\/\/moja.phil.hhu.de\/index.php?rest_route=%2Fwp%2Fv2%2Fmedia&parent=24988"}],"wp:term":[{"taxonomy":"category","embeddable":true,"href":"https:\/\/moja.phil.hhu.de\/index.php?rest_route=%2Fwp%2Fv2%2Fcategories&post=24988"},{"taxonomy":"post_tag","embeddable":true,"href":"https:\/\/moja.phil.hhu.de\/index.php?rest_route=%2Fwp%2Fv2%2Ftags&post=24988"}],"curies":[{"name":"wp","href":"https:\/\/api.w.org\/{rel}","templated":true}]}}